{"id":6158,"date":"2025-11-11T14:52:55","date_gmt":"2025-11-11T12:52:55","guid":{"rendered":"https:\/\/wellauer-tabak.ch\/feierabend-smoke-saint-gall\/"},"modified":"2025-11-11T16:51:08","modified_gmt":"2025-11-11T14:51:08","slug":"feierabend-smoke-saint-gall","status":"publish","type":"post","link":"https:\/\/wellauer-tabak.ch\/fr\/feierabend-smoke-saint-gall\/","title":{"rendered":"Cigarette apr\u00e8s le travail Saint-Gall"},"content":{"rendered":"\t\t<div data-elementor-type=\"wp-post\" data-elementor-id=\"6158\" class=\"elementor elementor-6158 elementor-6127\" data-elementor-post-type=\"post\">\n\t\t\t\t<div class=\"elementor-element elementor-element-5e347c51 e-con-full e-flex e-con e-parent\" data-id=\"5e347c51\" data-element_type=\"container\" data-e-type=\"container\">\n\t\t\t\t<div class=\"elementor-element elementor-element-2e23e5b1 elementor-widget elementor-widget-text-editor\" data-id=\"2e23e5b1\" data-element_type=\"widget\" data-e-type=\"widget\" data-widget_type=\"text-editor.default\">\n\t\t\t\t<div class=\"elementor-widget-container\">\n\t\t\t\t\t\t\t\t\t<p>Le 30 octobre 2025, nos invit\u00e9s ont pass\u00e9 une soir\u00e9e pleine de plaisir et de moments exclusifs dans l&#8217;ambiance chic du SOHO. Pour la deuxi\u00e8me fois, ce lieu prestigieux a offert le cadre id\u00e9al pour d\u00e9guster des cigares raffin\u00e9s et des d\u00e9lices culinaires. <\/p><p>Les participants ont d\u00e9gust\u00e9 trois cigares soigneusement s\u00e9lectionn\u00e9s et se sont r\u00e9gal\u00e9s de mets raffin\u00e9s, tandis que des conversations anim\u00e9es et une ambiance d\u00e9tendue et agr\u00e9able ont accompagn\u00e9 la soir\u00e9e. Le nombre limit\u00e9 de places a cr\u00e9\u00e9 une atmosph\u00e8re intime qui a rendu cette exp\u00e9rience particuli\u00e8rement exclusive. <\/p><p>Nous remercions tous nos invit\u00e9s pour leur participation et nous r\u00e9jouissons d&#8217;ores et d\u00e9j\u00e0 \u00e0 l&#8217;id\u00e9e de passer d&#8217;autres soir\u00e9es agr\u00e9ables, riches en rencontres, en plaisirs gustatifs et en moments raffin\u00e9s.<\/p>\t\t\t\t\t\t\t\t<\/div>\n\t\t\t\t<\/div>\n\t\t\t\t<\/div>\n\t\t<div class=\"elementor-element elementor-element-cc4536b e-grid e-con-boxed e-con e-parent\" data-id=\"cc4536b\" data-element_type=\"container\" data-e-type=\"container\">\n\t\t\t\t\t<div class=\"e-con-inner\">\n\t\t\t\t<div class=\"elementor-element elementor-element-176d743 elementor-widget elementor-widget-image\" data-id=\"176d743\" data-element_type=\"widget\" data-e-type=\"widget\" data-widget_type=\"image.default\">\n\t\t\t\t<div class=\"elementor-widget-container\">\n\t\t\t\t\t\t\t\t\t\t\t\t\t\t\t<img fetchpriority=\"high\" decoding=\"async\" width=\"768\" height=\"1024\" src=\"https:\/\/wellauer-tabak.ch\/wp-content\/uploads\/2025\/11\/WhatsApp-Image-2025-11-11-at-11.08.56-2-768x1024.jpeg\" class=\"attachment-large size-large wp-image-6135\" alt=\"\" srcset=\"https:\/\/wellauer-tabak.ch\/wp-content\/uploads\/2025\/11\/WhatsApp-Image-2025-11-11-at-11.08.56-2-768x1024.jpeg 768w, https:\/\/wellauer-tabak.ch\/wp-content\/uploads\/2025\/11\/WhatsApp-Image-2025-11-11-at-11.08.56-2-225x300.jpeg 225w, https:\/\/wellauer-tabak.ch\/wp-content\/uploads\/2025\/11\/WhatsApp-Image-2025-11-11-at-11.08.56-2-1152x1536.jpeg 1152w, https:\/\/wellauer-tabak.ch\/wp-content\/uploads\/2025\/11\/WhatsApp-Image-2025-11-11-at-11.08.56-2.jpeg 1200w\" sizes=\"(max-width: 768px) 100vw, 768px\" \/>\t\t\t\t\t\t\t\t\t\t\t\t\t\t\t<\/div>\n\t\t\t\t<\/div>\n\t\t\t\t<div class=\"elementor-element elementor-element-310fcf1 elementor-widget elementor-widget-image\" data-id=\"310fcf1\" data-element_type=\"widget\" data-e-type=\"widget\" data-widget_type=\"image.default\">\n\t\t\t\t<div class=\"elementor-widget-container\">\n\t\t\t\t\t\t\t\t\t\t\t\t\t\t\t<img decoding=\"async\" width=\"768\" height=\"1024\" src=\"https:\/\/wellauer-tabak.ch\/wp-content\/uploads\/2025\/11\/WhatsApp-Image-2025-11-11-at-11.08.56-1-768x1024.jpeg\" class=\"attachment-large size-large wp-image-6139\" alt=\"\" srcset=\"https:\/\/wellauer-tabak.ch\/wp-content\/uploads\/2025\/11\/WhatsApp-Image-2025-11-11-at-11.08.56-1-768x1024.jpeg 768w, https:\/\/wellauer-tabak.ch\/wp-content\/uploads\/2025\/11\/WhatsApp-Image-2025-11-11-at-11.08.56-1-225x300.jpeg 225w, https:\/\/wellauer-tabak.ch\/wp-content\/uploads\/2025\/11\/WhatsApp-Image-2025-11-11-at-11.08.56-1-1152x1536.jpeg 1152w, https:\/\/wellauer-tabak.ch\/wp-content\/uploads\/2025\/11\/WhatsApp-Image-2025-11-11-at-11.08.56-1.jpeg 1200w\" sizes=\"(max-width: 768px) 100vw, 768px\" \/>\t\t\t\t\t\t\t\t\t\t\t\t\t\t\t<\/div>\n\t\t\t\t<\/div>\n\t\t\t\t<div class=\"elementor-element elementor-element-03aebdc elementor-widget elementor-widget-image\" data-id=\"03aebdc\" data-element_type=\"widget\" data-e-type=\"widget\" data-widget_type=\"image.default\">\n\t\t\t\t<div class=\"elementor-widget-container\">\n\t\t\t\t\t\t\t\t\t\t\t\t\t\t\t<img decoding=\"async\" width=\"768\" height=\"1024\" src=\"https:\/\/wellauer-tabak.ch\/wp-content\/uploads\/2025\/11\/WhatsApp-Image-2025-11-11-at-11.08.55-1-768x1024.jpeg\" class=\"attachment-large size-large wp-image-6143\" alt=\"\" srcset=\"https:\/\/wellauer-tabak.ch\/wp-content\/uploads\/2025\/11\/WhatsApp-Image-2025-11-11-at-11.08.55-1-768x1024.jpeg 768w, https:\/\/wellauer-tabak.ch\/wp-content\/uploads\/2025\/11\/WhatsApp-Image-2025-11-11-at-11.08.55-1-225x300.jpeg 225w, https:\/\/wellauer-tabak.ch\/wp-content\/uploads\/2025\/11\/WhatsApp-Image-2025-11-11-at-11.08.55-1-1152x1536.jpeg 1152w, https:\/\/wellauer-tabak.ch\/wp-content\/uploads\/2025\/11\/WhatsApp-Image-2025-11-11-at-11.08.55-1.jpeg 1200w\" sizes=\"(max-width: 768px) 100vw, 768px\" \/>\t\t\t\t\t\t\t\t\t\t\t\t\t\t\t<\/div>\n\t\t\t\t<\/div>\n\t\t\t\t\t<\/div>\n\t\t\t\t<\/div>\n\t\t\t\t<\/div>\n\t\t","protected":false},"excerpt":{"rendered":"<p>Notre deuxi\u00e8me \u00e9v\u00e9nement au Soho St. Gallen<\/p>\n","protected":false},"author":3,"featured_media":5954,"comment_status":"closed","ping_status":"closed","sticky":false,"template":"","format":"standard","meta":{"_acf_changed":false,"footnotes":""},"categories":[157],"class_list":["post-6158","post","type-post","status-publish","format-standard","has-post-thumbnail","hentry","category-evenement"],"acf":[],"yoast_head":"<!-- This site is optimized with the Yoast SEO plugin v27.4 - https:\/\/yoast.com\/product\/yoast-seo-wordpress\/ -->\n<title>Cigarette apr\u00e8s le travail Saint-Gall - Wellauer<\/title>\n<meta name=\"robots\" content=\"index, follow, max-snippet:-1, max-image-preview:large, max-video-preview:-1\" \/>\n<link rel=\"canonical\" href=\"https:\/\/wellauer-tabak.ch\/fr\/feierabend-smoke-saint-gall\/\" \/>\n<meta property=\"og:locale\" content=\"fr_FR\" \/>\n<meta property=\"og:type\" content=\"article\" \/>\n<meta property=\"og:title\" content=\"Cigarette apr\u00e8s le travail Saint-Gall - Wellauer\" \/>\n<meta property=\"og:description\" content=\"Notre deuxi\u00e8me \u00e9v\u00e9nement au Soho St. Gallen\" \/>\n<meta property=\"og:url\" content=\"https:\/\/wellauer-tabak.ch\/fr\/feierabend-smoke-saint-gall\/\" \/>\n<meta property=\"og:site_name\" content=\"Wellauer\" \/>\n<meta property=\"article:published_time\" content=\"2025-11-11T12:52:55+00:00\" \/>\n<meta property=\"article:modified_time\" content=\"2025-11-11T14:51:08+00:00\" \/>\n<meta property=\"og:image\" content=\"https:\/\/wellauer-tabak.ch\/wp-content\/uploads\/2025\/09\/Unbenannt-54.jpg\" \/>\n\t<meta property=\"og:image:width\" content=\"1080\" \/>\n\t<meta property=\"og:image:height\" content=\"1350\" \/>\n\t<meta property=\"og:image:type\" content=\"image\/jpeg\" \/>\n<meta name=\"author\" content=\"editor\" \/>\n<meta name=\"twitter:card\" content=\"summary_large_image\" \/>\n<meta name=\"twitter:label1\" content=\"Written by\" \/>\n\t<meta name=\"twitter:data1\" content=\"editor\" \/>\n\t<meta name=\"twitter:label2\" content=\"Est. reading time\" \/>\n\t<meta name=\"twitter:data2\" content=\"1 minute\" \/>\n<script type=\"application\/ld+json\" class=\"yoast-schema-graph\">{\"@context\":\"https:\\\/\\\/schema.org\",\"@graph\":[{\"@type\":\"Article\",\"@id\":\"https:\\\/\\\/wellauer-tabak.ch\\\/fr\\\/feierabend-smoke-saint-gall\\\/#article\",\"isPartOf\":{\"@id\":\"https:\\\/\\\/wellauer-tabak.ch\\\/fr\\\/feierabend-smoke-saint-gall\\\/\"},\"author\":{\"name\":\"editor\",\"@id\":\"https:\\\/\\\/wellauer-tabak.ch\\\/de\\\/#\\\/schema\\\/person\\\/3205dbf56c2ae17fcd04c4df2ced5c68\"},\"headline\":\"Cigarette apr\u00e8s le travail Saint-Gall\",\"datePublished\":\"2025-11-11T12:52:55+00:00\",\"dateModified\":\"2025-11-11T14:51:08+00:00\",\"mainEntityOfPage\":{\"@id\":\"https:\\\/\\\/wellauer-tabak.ch\\\/fr\\\/feierabend-smoke-saint-gall\\\/\"},\"wordCount\":155,\"publisher\":{\"@id\":\"https:\\\/\\\/wellauer-tabak.ch\\\/de\\\/#organization\"},\"image\":{\"@id\":\"https:\\\/\\\/wellauer-tabak.ch\\\/fr\\\/feierabend-smoke-saint-gall\\\/#primaryimage\"},\"thumbnailUrl\":\"https:\\\/\\\/wellauer-tabak.ch\\\/wp-content\\\/uploads\\\/2025\\\/09\\\/Unbenannt-54.jpg\",\"articleSection\":[\"\u00c9v\u00e9nement\"],\"inLanguage\":\"fr-FR\"},{\"@type\":\"WebPage\",\"@id\":\"https:\\\/\\\/wellauer-tabak.ch\\\/fr\\\/feierabend-smoke-saint-gall\\\/\",\"url\":\"https:\\\/\\\/wellauer-tabak.ch\\\/fr\\\/feierabend-smoke-saint-gall\\\/\",\"name\":\"Cigarette apr\u00e8s le travail Saint-Gall - Wellauer\",\"isPartOf\":{\"@id\":\"https:\\\/\\\/wellauer-tabak.ch\\\/de\\\/#website\"},\"primaryImageOfPage\":{\"@id\":\"https:\\\/\\\/wellauer-tabak.ch\\\/fr\\\/feierabend-smoke-saint-gall\\\/#primaryimage\"},\"image\":{\"@id\":\"https:\\\/\\\/wellauer-tabak.ch\\\/fr\\\/feierabend-smoke-saint-gall\\\/#primaryimage\"},\"thumbnailUrl\":\"https:\\\/\\\/wellauer-tabak.ch\\\/wp-content\\\/uploads\\\/2025\\\/09\\\/Unbenannt-54.jpg\",\"datePublished\":\"2025-11-11T12:52:55+00:00\",\"dateModified\":\"2025-11-11T14:51:08+00:00\",\"breadcrumb\":{\"@id\":\"https:\\\/\\\/wellauer-tabak.ch\\\/fr\\\/feierabend-smoke-saint-gall\\\/#breadcrumb\"},\"inLanguage\":\"fr-FR\",\"potentialAction\":[{\"@type\":\"ReadAction\",\"target\":[\"https:\\\/\\\/wellauer-tabak.ch\\\/fr\\\/feierabend-smoke-saint-gall\\\/\"]}]},{\"@type\":\"ImageObject\",\"inLanguage\":\"fr-FR\",\"@id\":\"https:\\\/\\\/wellauer-tabak.ch\\\/fr\\\/feierabend-smoke-saint-gall\\\/#primaryimage\",\"url\":\"https:\\\/\\\/wellauer-tabak.ch\\\/wp-content\\\/uploads\\\/2025\\\/09\\\/Unbenannt-54.jpg\",\"contentUrl\":\"https:\\\/\\\/wellauer-tabak.ch\\\/wp-content\\\/uploads\\\/2025\\\/09\\\/Unbenannt-54.jpg\",\"width\":1080,\"height\":1350},{\"@type\":\"BreadcrumbList\",\"@id\":\"https:\\\/\\\/wellauer-tabak.ch\\\/fr\\\/feierabend-smoke-saint-gall\\\/#breadcrumb\",\"itemListElement\":[{\"@type\":\"ListItem\",\"position\":1,\"name\":\"Home\",\"item\":\"https:\\\/\\\/wellauer-tabak.ch\\\/fr\\\/\"},{\"@type\":\"ListItem\",\"position\":2,\"name\":\"Cigarette apr\u00e8s le travail Saint-Gall\"}]},{\"@type\":\"WebSite\",\"@id\":\"https:\\\/\\\/wellauer-tabak.ch\\\/de\\\/#website\",\"url\":\"https:\\\/\\\/wellauer-tabak.ch\\\/de\\\/\",\"name\":\"Wellauer\",\"description\":\"Wellauer Tabak\",\"publisher\":{\"@id\":\"https:\\\/\\\/wellauer-tabak.ch\\\/de\\\/#organization\"},\"potentialAction\":[{\"@type\":\"SearchAction\",\"target\":{\"@type\":\"EntryPoint\",\"urlTemplate\":\"https:\\\/\\\/wellauer-tabak.ch\\\/de\\\/?s={search_term_string}\"},\"query-input\":{\"@type\":\"PropertyValueSpecification\",\"valueRequired\":true,\"valueName\":\"search_term_string\"}}],\"inLanguage\":\"fr-FR\"},{\"@type\":\"Organization\",\"@id\":\"https:\\\/\\\/wellauer-tabak.ch\\\/de\\\/#organization\",\"name\":\"Wellauer\",\"url\":\"https:\\\/\\\/wellauer-tabak.ch\\\/de\\\/\",\"logo\":{\"@type\":\"ImageObject\",\"inLanguage\":\"fr-FR\",\"@id\":\"https:\\\/\\\/wellauer-tabak.ch\\\/de\\\/#\\\/schema\\\/logo\\\/image\\\/\",\"url\":\"https:\\\/\\\/wellauer-tabak.ch\\\/wp-content\\\/uploads\\\/2025\\\/03\\\/Logo.svg\",\"contentUrl\":\"https:\\\/\\\/wellauer-tabak.ch\\\/wp-content\\\/uploads\\\/2025\\\/03\\\/Logo.svg\",\"width\":204,\"height\":48,\"caption\":\"Wellauer\"},\"image\":{\"@id\":\"https:\\\/\\\/wellauer-tabak.ch\\\/de\\\/#\\\/schema\\\/logo\\\/image\\\/\"}},{\"@type\":\"Person\",\"@id\":\"https:\\\/\\\/wellauer-tabak.ch\\\/de\\\/#\\\/schema\\\/person\\\/3205dbf56c2ae17fcd04c4df2ced5c68\",\"name\":\"editor\",\"image\":{\"@type\":\"ImageObject\",\"inLanguage\":\"fr-FR\",\"@id\":\"https:\\\/\\\/secure.gravatar.com\\\/avatar\\\/c3146998df66a37493118b8d700a44ceb58616a41fd71d397ce90a75a7c54ff4?s=96&d=mm&r=g\",\"url\":\"https:\\\/\\\/secure.gravatar.com\\\/avatar\\\/c3146998df66a37493118b8d700a44ceb58616a41fd71d397ce90a75a7c54ff4?s=96&d=mm&r=g\",\"contentUrl\":\"https:\\\/\\\/secure.gravatar.com\\\/avatar\\\/c3146998df66a37493118b8d700a44ceb58616a41fd71d397ce90a75a7c54ff4?s=96&d=mm&r=g\",\"caption\":\"editor\"},\"url\":\"https:\\\/\\\/wellauer-tabak.ch\\\/fr\\\/author\\\/editor\\\/\"}]}<\/script>\n<!-- \/ Yoast SEO plugin. -->","yoast_head_json":{"title":"Cigarette apr\u00e8s le travail Saint-Gall - Wellauer","robots":{"index":"index","follow":"follow","max-snippet":"max-snippet:-1","max-image-preview":"max-image-preview:large","max-video-preview":"max-video-preview:-1"},"canonical":"https:\/\/wellauer-tabak.ch\/fr\/feierabend-smoke-saint-gall\/","og_locale":"fr_FR","og_type":"article","og_title":"Cigarette apr\u00e8s le travail Saint-Gall - Wellauer","og_description":"Notre deuxi\u00e8me \u00e9v\u00e9nement au Soho St. Gallen","og_url":"https:\/\/wellauer-tabak.ch\/fr\/feierabend-smoke-saint-gall\/","og_site_name":"Wellauer","article_published_time":"2025-11-11T12:52:55+00:00","article_modified_time":"2025-11-11T14:51:08+00:00","og_image":[{"width":1080,"height":1350,"url":"https:\/\/wellauer-tabak.ch\/wp-content\/uploads\/2025\/09\/Unbenannt-54.jpg","type":"image\/jpeg"}],"author":"editor","twitter_card":"summary_large_image","twitter_misc":{"Written by":"editor","Est. reading time":"1 minute"},"schema":{"@context":"https:\/\/schema.org","@graph":[{"@type":"Article","@id":"https:\/\/wellauer-tabak.ch\/fr\/feierabend-smoke-saint-gall\/#article","isPartOf":{"@id":"https:\/\/wellauer-tabak.ch\/fr\/feierabend-smoke-saint-gall\/"},"author":{"name":"editor","@id":"https:\/\/wellauer-tabak.ch\/de\/#\/schema\/person\/3205dbf56c2ae17fcd04c4df2ced5c68"},"headline":"Cigarette apr\u00e8s le travail Saint-Gall","datePublished":"2025-11-11T12:52:55+00:00","dateModified":"2025-11-11T14:51:08+00:00","mainEntityOfPage":{"@id":"https:\/\/wellauer-tabak.ch\/fr\/feierabend-smoke-saint-gall\/"},"wordCount":155,"publisher":{"@id":"https:\/\/wellauer-tabak.ch\/de\/#organization"},"image":{"@id":"https:\/\/wellauer-tabak.ch\/fr\/feierabend-smoke-saint-gall\/#primaryimage"},"thumbnailUrl":"https:\/\/wellauer-tabak.ch\/wp-content\/uploads\/2025\/09\/Unbenannt-54.jpg","articleSection":["\u00c9v\u00e9nement"],"inLanguage":"fr-FR"},{"@type":"WebPage","@id":"https:\/\/wellauer-tabak.ch\/fr\/feierabend-smoke-saint-gall\/","url":"https:\/\/wellauer-tabak.ch\/fr\/feierabend-smoke-saint-gall\/","name":"Cigarette apr\u00e8s le travail Saint-Gall - Wellauer","isPartOf":{"@id":"https:\/\/wellauer-tabak.ch\/de\/#website"},"primaryImageOfPage":{"@id":"https:\/\/wellauer-tabak.ch\/fr\/feierabend-smoke-saint-gall\/#primaryimage"},"image":{"@id":"https:\/\/wellauer-tabak.ch\/fr\/feierabend-smoke-saint-gall\/#primaryimage"},"thumbnailUrl":"https:\/\/wellauer-tabak.ch\/wp-content\/uploads\/2025\/09\/Unbenannt-54.jpg","datePublished":"2025-11-11T12:52:55+00:00","dateModified":"2025-11-11T14:51:08+00:00","breadcrumb":{"@id":"https:\/\/wellauer-tabak.ch\/fr\/feierabend-smoke-saint-gall\/#breadcrumb"},"inLanguage":"fr-FR","potentialAction":[{"@type":"ReadAction","target":["https:\/\/wellauer-tabak.ch\/fr\/feierabend-smoke-saint-gall\/"]}]},{"@type":"ImageObject","inLanguage":"fr-FR","@id":"https:\/\/wellauer-tabak.ch\/fr\/feierabend-smoke-saint-gall\/#primaryimage","url":"https:\/\/wellauer-tabak.ch\/wp-content\/uploads\/2025\/09\/Unbenannt-54.jpg","contentUrl":"https:\/\/wellauer-tabak.ch\/wp-content\/uploads\/2025\/09\/Unbenannt-54.jpg","width":1080,"height":1350},{"@type":"BreadcrumbList","@id":"https:\/\/wellauer-tabak.ch\/fr\/feierabend-smoke-saint-gall\/#breadcrumb","itemListElement":[{"@type":"ListItem","position":1,"name":"Home","item":"https:\/\/wellauer-tabak.ch\/fr\/"},{"@type":"ListItem","position":2,"name":"Cigarette apr\u00e8s le travail Saint-Gall"}]},{"@type":"WebSite","@id":"https:\/\/wellauer-tabak.ch\/de\/#website","url":"https:\/\/wellauer-tabak.ch\/de\/","name":"Wellauer","description":"Wellauer Tabak","publisher":{"@id":"https:\/\/wellauer-tabak.ch\/de\/#organization"},"potentialAction":[{"@type":"SearchAction","target":{"@type":"EntryPoint","urlTemplate":"https:\/\/wellauer-tabak.ch\/de\/?s={search_term_string}"},"query-input":{"@type":"PropertyValueSpecification","valueRequired":true,"valueName":"search_term_string"}}],"inLanguage":"fr-FR"},{"@type":"Organization","@id":"https:\/\/wellauer-tabak.ch\/de\/#organization","name":"Wellauer","url":"https:\/\/wellauer-tabak.ch\/de\/","logo":{"@type":"ImageObject","inLanguage":"fr-FR","@id":"https:\/\/wellauer-tabak.ch\/de\/#\/schema\/logo\/image\/","url":"https:\/\/wellauer-tabak.ch\/wp-content\/uploads\/2025\/03\/Logo.svg","contentUrl":"https:\/\/wellauer-tabak.ch\/wp-content\/uploads\/2025\/03\/Logo.svg","width":204,"height":48,"caption":"Wellauer"},"image":{"@id":"https:\/\/wellauer-tabak.ch\/de\/#\/schema\/logo\/image\/"}},{"@type":"Person","@id":"https:\/\/wellauer-tabak.ch\/de\/#\/schema\/person\/3205dbf56c2ae17fcd04c4df2ced5c68","name":"editor","image":{"@type":"ImageObject","inLanguage":"fr-FR","@id":"https:\/\/secure.gravatar.com\/avatar\/c3146998df66a37493118b8d700a44ceb58616a41fd71d397ce90a75a7c54ff4?s=96&d=mm&r=g","url":"https:\/\/secure.gravatar.com\/avatar\/c3146998df66a37493118b8d700a44ceb58616a41fd71d397ce90a75a7c54ff4?s=96&d=mm&r=g","contentUrl":"https:\/\/secure.gravatar.com\/avatar\/c3146998df66a37493118b8d700a44ceb58616a41fd71d397ce90a75a7c54ff4?s=96&d=mm&r=g","caption":"editor"},"url":"https:\/\/wellauer-tabak.ch\/fr\/author\/editor\/"}]}},"_links":{"self":[{"href":"https:\/\/wellauer-tabak.ch\/fr\/wp-json\/wp\/v2\/posts\/6158","targetHints":{"allow":["GET"]}}],"collection":[{"href":"https:\/\/wellauer-tabak.ch\/fr\/wp-json\/wp\/v2\/posts"}],"about":[{"href":"https:\/\/wellauer-tabak.ch\/fr\/wp-json\/wp\/v2\/types\/post"}],"author":[{"embeddable":true,"href":"https:\/\/wellauer-tabak.ch\/fr\/wp-json\/wp\/v2\/users\/3"}],"replies":[{"embeddable":true,"href":"https:\/\/wellauer-tabak.ch\/fr\/wp-json\/wp\/v2\/comments?post=6158"}],"version-history":[{"count":3,"href":"https:\/\/wellauer-tabak.ch\/fr\/wp-json\/wp\/v2\/posts\/6158\/revisions"}],"predecessor-version":[{"id":6163,"href":"https:\/\/wellauer-tabak.ch\/fr\/wp-json\/wp\/v2\/posts\/6158\/revisions\/6163"}],"wp:featuredmedia":[{"embeddable":true,"href":"https:\/\/wellauer-tabak.ch\/fr\/wp-json\/wp\/v2\/media\/5954"}],"wp:attachment":[{"href":"https:\/\/wellauer-tabak.ch\/fr\/wp-json\/wp\/v2\/media?parent=6158"}],"wp:term":[{"taxonomy":"category","embeddable":true,"href":"https:\/\/wellauer-tabak.ch\/fr\/wp-json\/wp\/v2\/categories?post=6158"}],"curies":[{"name":"wp","href":"https:\/\/api.w.org\/{rel}","templated":true}]}}