{"id":6127,"date":"2025-11-11T14:52:55","date_gmt":"2025-11-11T12:52:55","guid":{"rendered":"https:\/\/wellauer-tabak.ch\/?p=6127"},"modified":"2025-11-11T15:12:29","modified_gmt":"2025-11-11T13:12:29","slug":"feierabend-smoke-st-gallen","status":"publish","type":"post","link":"https:\/\/wellauer-tabak.ch\/de\/feierabend-smoke-st-gallen\/","title":{"rendered":"Feierabend-Smoke St. Gallen"},"content":{"rendered":"\t\t<div data-elementor-type=\"wp-post\" data-elementor-id=\"6127\" class=\"elementor elementor-6127\" data-elementor-post-type=\"post\">\n\t\t\t\t<div class=\"elementor-element elementor-element-5e347c51 e-con-full e-flex e-con e-parent\" data-id=\"5e347c51\" data-element_type=\"container\" data-e-type=\"container\">\n\t\t\t\t<div class=\"elementor-element elementor-element-2e23e5b1 elementor-widget elementor-widget-text-editor\" data-id=\"2e23e5b1\" data-element_type=\"widget\" data-e-type=\"widget\" data-widget_type=\"text-editor.default\">\n\t\t\t\t<div class=\"elementor-widget-container\">\n\t\t\t\t\t\t\t\t\t<p>Am 30. Oktober 2025 erlebten unsere G\u00e4ste im stilvollen Ambiente des SOHO einen Abend voller Genuss und exklusiver Momente. Bereits zum zweiten Mal bot die renommierte Location den perfekten Rahmen, um erlesene Zigarren und kulinarische K\u00f6stlichkeiten zu geniessen.<\/p><p>Die Teilnehmer genossen drei sorgf\u00e4ltig ausgew\u00e4hlte Zigarren und lie\u00dfen sich von den kulinarischen Highlights verw\u00f6hnen, w\u00e4hrend angeregte Gespr\u00e4che und eine lockere, angenehme Stimmung den Abend begleiteten. Die limitierten Pl\u00e4tze sorgten f\u00fcr eine intime Atmosph\u00e4re, die das Erlebnis besonders exklusiv machte.<\/p><p>Wir danken allen G\u00e4sten f\u00fcr ihre Teilnahme und freuen uns schon jetzt auf weitere genussvolle Abende voller Begegnungen, Genuss und stilvoller Momente.<\/p>\t\t\t\t\t\t\t\t<\/div>\n\t\t\t\t<\/div>\n\t\t\t\t<\/div>\n\t\t<div class=\"elementor-element elementor-element-cc4536b e-grid e-con-boxed e-con e-parent\" data-id=\"cc4536b\" data-element_type=\"container\" data-e-type=\"container\">\n\t\t\t\t\t<div class=\"e-con-inner\">\n\t\t\t\t<div class=\"elementor-element elementor-element-176d743 elementor-widget elementor-widget-image\" data-id=\"176d743\" data-element_type=\"widget\" data-e-type=\"widget\" data-widget_type=\"image.default\">\n\t\t\t\t<div class=\"elementor-widget-container\">\n\t\t\t\t\t\t\t\t\t\t\t\t\t\t\t<img fetchpriority=\"high\" decoding=\"async\" width=\"768\" height=\"1024\" src=\"https:\/\/wellauer-tabak.ch\/wp-content\/uploads\/2025\/11\/WhatsApp-Image-2025-11-11-at-11.08.56-2-768x1024.jpeg\" class=\"attachment-large size-large wp-image-6133\" alt=\"\" srcset=\"https:\/\/wellauer-tabak.ch\/wp-content\/uploads\/2025\/11\/WhatsApp-Image-2025-11-11-at-11.08.56-2-768x1024.jpeg 768w, https:\/\/wellauer-tabak.ch\/wp-content\/uploads\/2025\/11\/WhatsApp-Image-2025-11-11-at-11.08.56-2-225x300.jpeg 225w, https:\/\/wellauer-tabak.ch\/wp-content\/uploads\/2025\/11\/WhatsApp-Image-2025-11-11-at-11.08.56-2-1152x1536.jpeg 1152w, https:\/\/wellauer-tabak.ch\/wp-content\/uploads\/2025\/11\/WhatsApp-Image-2025-11-11-at-11.08.56-2.jpeg 1200w\" sizes=\"(max-width: 768px) 100vw, 768px\" \/>\t\t\t\t\t\t\t\t\t\t\t\t\t\t\t<\/div>\n\t\t\t\t<\/div>\n\t\t\t\t<div class=\"elementor-element elementor-element-310fcf1 elementor-widget elementor-widget-image\" data-id=\"310fcf1\" data-element_type=\"widget\" data-e-type=\"widget\" data-widget_type=\"image.default\">\n\t\t\t\t<div class=\"elementor-widget-container\">\n\t\t\t\t\t\t\t\t\t\t\t\t\t\t\t<img decoding=\"async\" width=\"768\" height=\"1024\" src=\"https:\/\/wellauer-tabak.ch\/wp-content\/uploads\/2025\/11\/WhatsApp-Image-2025-11-11-at-11.08.56-1-768x1024.jpeg\" class=\"attachment-large size-large wp-image-6137\" alt=\"\" srcset=\"https:\/\/wellauer-tabak.ch\/wp-content\/uploads\/2025\/11\/WhatsApp-Image-2025-11-11-at-11.08.56-1-768x1024.jpeg 768w, https:\/\/wellauer-tabak.ch\/wp-content\/uploads\/2025\/11\/WhatsApp-Image-2025-11-11-at-11.08.56-1-225x300.jpeg 225w, https:\/\/wellauer-tabak.ch\/wp-content\/uploads\/2025\/11\/WhatsApp-Image-2025-11-11-at-11.08.56-1-1152x1536.jpeg 1152w, https:\/\/wellauer-tabak.ch\/wp-content\/uploads\/2025\/11\/WhatsApp-Image-2025-11-11-at-11.08.56-1.jpeg 1200w\" sizes=\"(max-width: 768px) 100vw, 768px\" \/>\t\t\t\t\t\t\t\t\t\t\t\t\t\t\t<\/div>\n\t\t\t\t<\/div>\n\t\t\t\t<div class=\"elementor-element elementor-element-03aebdc elementor-widget elementor-widget-image\" data-id=\"03aebdc\" data-element_type=\"widget\" data-e-type=\"widget\" data-widget_type=\"image.default\">\n\t\t\t\t<div class=\"elementor-widget-container\">\n\t\t\t\t\t\t\t\t\t\t\t\t\t\t\t<img decoding=\"async\" width=\"768\" height=\"1024\" src=\"https:\/\/wellauer-tabak.ch\/wp-content\/uploads\/2025\/11\/WhatsApp-Image-2025-11-11-at-11.08.55-1-768x1024.jpeg\" class=\"attachment-large size-large wp-image-6141\" alt=\"\" srcset=\"https:\/\/wellauer-tabak.ch\/wp-content\/uploads\/2025\/11\/WhatsApp-Image-2025-11-11-at-11.08.55-1-768x1024.jpeg 768w, https:\/\/wellauer-tabak.ch\/wp-content\/uploads\/2025\/11\/WhatsApp-Image-2025-11-11-at-11.08.55-1-225x300.jpeg 225w, https:\/\/wellauer-tabak.ch\/wp-content\/uploads\/2025\/11\/WhatsApp-Image-2025-11-11-at-11.08.55-1-1152x1536.jpeg 1152w, https:\/\/wellauer-tabak.ch\/wp-content\/uploads\/2025\/11\/WhatsApp-Image-2025-11-11-at-11.08.55-1.jpeg 1200w\" sizes=\"(max-width: 768px) 100vw, 768px\" \/>\t\t\t\t\t\t\t\t\t\t\t\t\t\t\t<\/div>\n\t\t\t\t<\/div>\n\t\t\t\t\t<\/div>\n\t\t\t\t<\/div>\n\t\t\t\t<\/div>\n\t\t","protected":false},"excerpt":{"rendered":"<p>Unser zweites Event im Soho St. Gallen<\/p>\n","protected":false},"author":3,"featured_media":5952,"comment_status":"closed","ping_status":"closed","sticky":false,"template":"","format":"standard","meta":{"_acf_changed":false,"footnotes":""},"categories":[9],"class_list":["post-6127","post","type-post","status-publish","format-standard","has-post-thumbnail","hentry","category-event"],"acf":[],"yoast_head":"<!-- This site is optimized with the Yoast SEO plugin v27.4 - https:\/\/yoast.com\/product\/yoast-seo-wordpress\/ -->\n<title>Feierabend-Smoke St. Gallen - Wellauer<\/title>\n<meta name=\"robots\" content=\"index, follow, max-snippet:-1, max-image-preview:large, max-video-preview:-1\" \/>\n<link rel=\"canonical\" href=\"https:\/\/wellauer-tabak.ch\/de\/feierabend-smoke-st-gallen\/\" \/>\n<meta property=\"og:locale\" content=\"de_DE\" \/>\n<meta property=\"og:type\" content=\"article\" \/>\n<meta property=\"og:title\" content=\"Feierabend-Smoke St. Gallen - Wellauer\" \/>\n<meta property=\"og:description\" content=\"Unser zweites Event im Soho St. Gallen\" \/>\n<meta property=\"og:url\" content=\"https:\/\/wellauer-tabak.ch\/de\/feierabend-smoke-st-gallen\/\" \/>\n<meta property=\"og:site_name\" content=\"Wellauer\" \/>\n<meta property=\"article:published_time\" content=\"2025-11-11T12:52:55+00:00\" \/>\n<meta property=\"article:modified_time\" content=\"2025-11-11T13:12:29+00:00\" \/>\n<meta property=\"og:image\" content=\"https:\/\/wellauer-tabak.ch\/wp-content\/uploads\/2025\/09\/Unbenannt-54.jpg\" \/>\n\t<meta property=\"og:image:width\" content=\"1080\" \/>\n\t<meta property=\"og:image:height\" content=\"1350\" \/>\n\t<meta property=\"og:image:type\" content=\"image\/jpeg\" \/>\n<meta name=\"author\" content=\"editor\" \/>\n<meta name=\"twitter:card\" content=\"summary_large_image\" \/>\n<meta name=\"twitter:label1\" content=\"Verfasst von\" \/>\n\t<meta name=\"twitter:data1\" content=\"editor\" \/>\n\t<meta name=\"twitter:label2\" content=\"Gesch\u00e4tzte Lesezeit\" \/>\n\t<meta name=\"twitter:data2\" content=\"2\u00a0Minuten\" \/>\n<script type=\"application\/ld+json\" class=\"yoast-schema-graph\">{\"@context\":\"https:\\\/\\\/schema.org\",\"@graph\":[{\"@type\":\"Article\",\"@id\":\"https:\\\/\\\/wellauer-tabak.ch\\\/de\\\/feierabend-smoke-st-gallen\\\/#article\",\"isPartOf\":{\"@id\":\"https:\\\/\\\/wellauer-tabak.ch\\\/de\\\/feierabend-smoke-st-gallen\\\/\"},\"author\":{\"name\":\"editor\",\"@id\":\"https:\\\/\\\/wellauer-tabak.ch\\\/de\\\/#\\\/schema\\\/person\\\/3205dbf56c2ae17fcd04c4df2ced5c68\"},\"headline\":\"Feierabend-Smoke St. Gallen\",\"datePublished\":\"2025-11-11T12:52:55+00:00\",\"dateModified\":\"2025-11-11T13:12:29+00:00\",\"mainEntityOfPage\":{\"@id\":\"https:\\\/\\\/wellauer-tabak.ch\\\/de\\\/feierabend-smoke-st-gallen\\\/\"},\"wordCount\":114,\"publisher\":{\"@id\":\"https:\\\/\\\/wellauer-tabak.ch\\\/de\\\/#organization\"},\"image\":{\"@id\":\"https:\\\/\\\/wellauer-tabak.ch\\\/de\\\/feierabend-smoke-st-gallen\\\/#primaryimage\"},\"thumbnailUrl\":\"https:\\\/\\\/wellauer-tabak.ch\\\/wp-content\\\/uploads\\\/2025\\\/09\\\/Unbenannt-54.jpg\",\"articleSection\":[\"Event\"],\"inLanguage\":\"de\"},{\"@type\":\"WebPage\",\"@id\":\"https:\\\/\\\/wellauer-tabak.ch\\\/de\\\/feierabend-smoke-st-gallen\\\/\",\"url\":\"https:\\\/\\\/wellauer-tabak.ch\\\/de\\\/feierabend-smoke-st-gallen\\\/\",\"name\":\"Feierabend-Smoke St. Gallen - Wellauer\",\"isPartOf\":{\"@id\":\"https:\\\/\\\/wellauer-tabak.ch\\\/de\\\/#website\"},\"primaryImageOfPage\":{\"@id\":\"https:\\\/\\\/wellauer-tabak.ch\\\/de\\\/feierabend-smoke-st-gallen\\\/#primaryimage\"},\"image\":{\"@id\":\"https:\\\/\\\/wellauer-tabak.ch\\\/de\\\/feierabend-smoke-st-gallen\\\/#primaryimage\"},\"thumbnailUrl\":\"https:\\\/\\\/wellauer-tabak.ch\\\/wp-content\\\/uploads\\\/2025\\\/09\\\/Unbenannt-54.jpg\",\"datePublished\":\"2025-11-11T12:52:55+00:00\",\"dateModified\":\"2025-11-11T13:12:29+00:00\",\"breadcrumb\":{\"@id\":\"https:\\\/\\\/wellauer-tabak.ch\\\/de\\\/feierabend-smoke-st-gallen\\\/#breadcrumb\"},\"inLanguage\":\"de\",\"potentialAction\":[{\"@type\":\"ReadAction\",\"target\":[\"https:\\\/\\\/wellauer-tabak.ch\\\/de\\\/feierabend-smoke-st-gallen\\\/\"]}]},{\"@type\":\"ImageObject\",\"inLanguage\":\"de\",\"@id\":\"https:\\\/\\\/wellauer-tabak.ch\\\/de\\\/feierabend-smoke-st-gallen\\\/#primaryimage\",\"url\":\"https:\\\/\\\/wellauer-tabak.ch\\\/wp-content\\\/uploads\\\/2025\\\/09\\\/Unbenannt-54.jpg\",\"contentUrl\":\"https:\\\/\\\/wellauer-tabak.ch\\\/wp-content\\\/uploads\\\/2025\\\/09\\\/Unbenannt-54.jpg\",\"width\":1080,\"height\":1350},{\"@type\":\"BreadcrumbList\",\"@id\":\"https:\\\/\\\/wellauer-tabak.ch\\\/de\\\/feierabend-smoke-st-gallen\\\/#breadcrumb\",\"itemListElement\":[{\"@type\":\"ListItem\",\"position\":1,\"name\":\"Home\",\"item\":\"https:\\\/\\\/wellauer-tabak.ch\\\/de\\\/\"},{\"@type\":\"ListItem\",\"position\":2,\"name\":\"Feierabend-Smoke St. Gallen\"}]},{\"@type\":\"WebSite\",\"@id\":\"https:\\\/\\\/wellauer-tabak.ch\\\/de\\\/#website\",\"url\":\"https:\\\/\\\/wellauer-tabak.ch\\\/de\\\/\",\"name\":\"Wellauer\",\"description\":\"Wellauer Tabak\",\"publisher\":{\"@id\":\"https:\\\/\\\/wellauer-tabak.ch\\\/de\\\/#organization\"},\"potentialAction\":[{\"@type\":\"SearchAction\",\"target\":{\"@type\":\"EntryPoint\",\"urlTemplate\":\"https:\\\/\\\/wellauer-tabak.ch\\\/de\\\/?s={search_term_string}\"},\"query-input\":{\"@type\":\"PropertyValueSpecification\",\"valueRequired\":true,\"valueName\":\"search_term_string\"}}],\"inLanguage\":\"de\"},{\"@type\":\"Organization\",\"@id\":\"https:\\\/\\\/wellauer-tabak.ch\\\/de\\\/#organization\",\"name\":\"Wellauer\",\"url\":\"https:\\\/\\\/wellauer-tabak.ch\\\/de\\\/\",\"logo\":{\"@type\":\"ImageObject\",\"inLanguage\":\"de\",\"@id\":\"https:\\\/\\\/wellauer-tabak.ch\\\/de\\\/#\\\/schema\\\/logo\\\/image\\\/\",\"url\":\"https:\\\/\\\/wellauer-tabak.ch\\\/wp-content\\\/uploads\\\/2025\\\/03\\\/Logo.svg\",\"contentUrl\":\"https:\\\/\\\/wellauer-tabak.ch\\\/wp-content\\\/uploads\\\/2025\\\/03\\\/Logo.svg\",\"width\":204,\"height\":48,\"caption\":\"Wellauer\"},\"image\":{\"@id\":\"https:\\\/\\\/wellauer-tabak.ch\\\/de\\\/#\\\/schema\\\/logo\\\/image\\\/\"}},{\"@type\":\"Person\",\"@id\":\"https:\\\/\\\/wellauer-tabak.ch\\\/de\\\/#\\\/schema\\\/person\\\/3205dbf56c2ae17fcd04c4df2ced5c68\",\"name\":\"editor\",\"image\":{\"@type\":\"ImageObject\",\"inLanguage\":\"de\",\"@id\":\"https:\\\/\\\/secure.gravatar.com\\\/avatar\\\/c3146998df66a37493118b8d700a44ceb58616a41fd71d397ce90a75a7c54ff4?s=96&d=mm&r=g\",\"url\":\"https:\\\/\\\/secure.gravatar.com\\\/avatar\\\/c3146998df66a37493118b8d700a44ceb58616a41fd71d397ce90a75a7c54ff4?s=96&d=mm&r=g\",\"contentUrl\":\"https:\\\/\\\/secure.gravatar.com\\\/avatar\\\/c3146998df66a37493118b8d700a44ceb58616a41fd71d397ce90a75a7c54ff4?s=96&d=mm&r=g\",\"caption\":\"editor\"},\"url\":\"https:\\\/\\\/wellauer-tabak.ch\\\/de\\\/author\\\/editor\\\/\"}]}<\/script>\n<!-- \/ Yoast SEO plugin. -->","yoast_head_json":{"title":"Feierabend-Smoke St. Gallen - Wellauer","robots":{"index":"index","follow":"follow","max-snippet":"max-snippet:-1","max-image-preview":"max-image-preview:large","max-video-preview":"max-video-preview:-1"},"canonical":"https:\/\/wellauer-tabak.ch\/de\/feierabend-smoke-st-gallen\/","og_locale":"de_DE","og_type":"article","og_title":"Feierabend-Smoke St. Gallen - Wellauer","og_description":"Unser zweites Event im Soho St. Gallen","og_url":"https:\/\/wellauer-tabak.ch\/de\/feierabend-smoke-st-gallen\/","og_site_name":"Wellauer","article_published_time":"2025-11-11T12:52:55+00:00","article_modified_time":"2025-11-11T13:12:29+00:00","og_image":[{"width":1080,"height":1350,"url":"https:\/\/wellauer-tabak.ch\/wp-content\/uploads\/2025\/09\/Unbenannt-54.jpg","type":"image\/jpeg"}],"author":"editor","twitter_card":"summary_large_image","twitter_misc":{"Verfasst von":"editor","Gesch\u00e4tzte Lesezeit":"2\u00a0Minuten"},"schema":{"@context":"https:\/\/schema.org","@graph":[{"@type":"Article","@id":"https:\/\/wellauer-tabak.ch\/de\/feierabend-smoke-st-gallen\/#article","isPartOf":{"@id":"https:\/\/wellauer-tabak.ch\/de\/feierabend-smoke-st-gallen\/"},"author":{"name":"editor","@id":"https:\/\/wellauer-tabak.ch\/de\/#\/schema\/person\/3205dbf56c2ae17fcd04c4df2ced5c68"},"headline":"Feierabend-Smoke St. Gallen","datePublished":"2025-11-11T12:52:55+00:00","dateModified":"2025-11-11T13:12:29+00:00","mainEntityOfPage":{"@id":"https:\/\/wellauer-tabak.ch\/de\/feierabend-smoke-st-gallen\/"},"wordCount":114,"publisher":{"@id":"https:\/\/wellauer-tabak.ch\/de\/#organization"},"image":{"@id":"https:\/\/wellauer-tabak.ch\/de\/feierabend-smoke-st-gallen\/#primaryimage"},"thumbnailUrl":"https:\/\/wellauer-tabak.ch\/wp-content\/uploads\/2025\/09\/Unbenannt-54.jpg","articleSection":["Event"],"inLanguage":"de"},{"@type":"WebPage","@id":"https:\/\/wellauer-tabak.ch\/de\/feierabend-smoke-st-gallen\/","url":"https:\/\/wellauer-tabak.ch\/de\/feierabend-smoke-st-gallen\/","name":"Feierabend-Smoke St. Gallen - Wellauer","isPartOf":{"@id":"https:\/\/wellauer-tabak.ch\/de\/#website"},"primaryImageOfPage":{"@id":"https:\/\/wellauer-tabak.ch\/de\/feierabend-smoke-st-gallen\/#primaryimage"},"image":{"@id":"https:\/\/wellauer-tabak.ch\/de\/feierabend-smoke-st-gallen\/#primaryimage"},"thumbnailUrl":"https:\/\/wellauer-tabak.ch\/wp-content\/uploads\/2025\/09\/Unbenannt-54.jpg","datePublished":"2025-11-11T12:52:55+00:00","dateModified":"2025-11-11T13:12:29+00:00","breadcrumb":{"@id":"https:\/\/wellauer-tabak.ch\/de\/feierabend-smoke-st-gallen\/#breadcrumb"},"inLanguage":"de","potentialAction":[{"@type":"ReadAction","target":["https:\/\/wellauer-tabak.ch\/de\/feierabend-smoke-st-gallen\/"]}]},{"@type":"ImageObject","inLanguage":"de","@id":"https:\/\/wellauer-tabak.ch\/de\/feierabend-smoke-st-gallen\/#primaryimage","url":"https:\/\/wellauer-tabak.ch\/wp-content\/uploads\/2025\/09\/Unbenannt-54.jpg","contentUrl":"https:\/\/wellauer-tabak.ch\/wp-content\/uploads\/2025\/09\/Unbenannt-54.jpg","width":1080,"height":1350},{"@type":"BreadcrumbList","@id":"https:\/\/wellauer-tabak.ch\/de\/feierabend-smoke-st-gallen\/#breadcrumb","itemListElement":[{"@type":"ListItem","position":1,"name":"Home","item":"https:\/\/wellauer-tabak.ch\/de\/"},{"@type":"ListItem","position":2,"name":"Feierabend-Smoke St. Gallen"}]},{"@type":"WebSite","@id":"https:\/\/wellauer-tabak.ch\/de\/#website","url":"https:\/\/wellauer-tabak.ch\/de\/","name":"Wellauer","description":"Wellauer Tabak","publisher":{"@id":"https:\/\/wellauer-tabak.ch\/de\/#organization"},"potentialAction":[{"@type":"SearchAction","target":{"@type":"EntryPoint","urlTemplate":"https:\/\/wellauer-tabak.ch\/de\/?s={search_term_string}"},"query-input":{"@type":"PropertyValueSpecification","valueRequired":true,"valueName":"search_term_string"}}],"inLanguage":"de"},{"@type":"Organization","@id":"https:\/\/wellauer-tabak.ch\/de\/#organization","name":"Wellauer","url":"https:\/\/wellauer-tabak.ch\/de\/","logo":{"@type":"ImageObject","inLanguage":"de","@id":"https:\/\/wellauer-tabak.ch\/de\/#\/schema\/logo\/image\/","url":"https:\/\/wellauer-tabak.ch\/wp-content\/uploads\/2025\/03\/Logo.svg","contentUrl":"https:\/\/wellauer-tabak.ch\/wp-content\/uploads\/2025\/03\/Logo.svg","width":204,"height":48,"caption":"Wellauer"},"image":{"@id":"https:\/\/wellauer-tabak.ch\/de\/#\/schema\/logo\/image\/"}},{"@type":"Person","@id":"https:\/\/wellauer-tabak.ch\/de\/#\/schema\/person\/3205dbf56c2ae17fcd04c4df2ced5c68","name":"editor","image":{"@type":"ImageObject","inLanguage":"de","@id":"https:\/\/secure.gravatar.com\/avatar\/c3146998df66a37493118b8d700a44ceb58616a41fd71d397ce90a75a7c54ff4?s=96&d=mm&r=g","url":"https:\/\/secure.gravatar.com\/avatar\/c3146998df66a37493118b8d700a44ceb58616a41fd71d397ce90a75a7c54ff4?s=96&d=mm&r=g","contentUrl":"https:\/\/secure.gravatar.com\/avatar\/c3146998df66a37493118b8d700a44ceb58616a41fd71d397ce90a75a7c54ff4?s=96&d=mm&r=g","caption":"editor"},"url":"https:\/\/wellauer-tabak.ch\/de\/author\/editor\/"}]}},"_links":{"self":[{"href":"https:\/\/wellauer-tabak.ch\/de\/wp-json\/wp\/v2\/posts\/6127","targetHints":{"allow":["GET"]}}],"collection":[{"href":"https:\/\/wellauer-tabak.ch\/de\/wp-json\/wp\/v2\/posts"}],"about":[{"href":"https:\/\/wellauer-tabak.ch\/de\/wp-json\/wp\/v2\/types\/post"}],"author":[{"embeddable":true,"href":"https:\/\/wellauer-tabak.ch\/de\/wp-json\/wp\/v2\/users\/3"}],"replies":[{"embeddable":true,"href":"https:\/\/wellauer-tabak.ch\/de\/wp-json\/wp\/v2\/comments?post=6127"}],"version-history":[{"count":7,"href":"https:\/\/wellauer-tabak.ch\/de\/wp-json\/wp\/v2\/posts\/6127\/revisions"}],"predecessor-version":[{"id":6147,"href":"https:\/\/wellauer-tabak.ch\/de\/wp-json\/wp\/v2\/posts\/6127\/revisions\/6147"}],"wp:featuredmedia":[{"embeddable":true,"href":"https:\/\/wellauer-tabak.ch\/de\/wp-json\/wp\/v2\/media\/5952"}],"wp:attachment":[{"href":"https:\/\/wellauer-tabak.ch\/de\/wp-json\/wp\/v2\/media?parent=6127"}],"wp:term":[{"taxonomy":"category","embeddable":true,"href":"https:\/\/wellauer-tabak.ch\/de\/wp-json\/wp\/v2\/categories?post=6127"}],"curies":[{"name":"wp","href":"https:\/\/api.w.org\/{rel}","templated":true}]}}