{"id":3559,"date":"2025-06-11T09:19:56","date_gmt":"2025-06-11T09:19:56","guid":{"rendered":"https:\/\/wellauer-tabak.ch\/?p=3559"},"modified":"2025-06-20T11:45:54","modified_gmt":"2025-06-20T11:45:54","slug":"wildkraut-die-kraft-der-alpen","status":"publish","type":"post","link":"https:\/\/wellauer-tabak.ch\/de\/wildkraut-die-kraft-der-alpen\/","title":{"rendered":"Wildkraut \u2013 Die Kraft der Alpen"},"content":{"rendered":"\t\t<div data-elementor-type=\"wp-post\" data-elementor-id=\"3559\" class=\"elementor elementor-3559\" data-elementor-post-type=\"post\">\n\t\t\t\t<div class=\"elementor-element elementor-element-5e347c51 e-flex e-con-boxed e-con e-parent\" data-id=\"5e347c51\" data-element_type=\"container\" data-e-type=\"container\">\n\t\t\t\t\t<div class=\"e-con-inner\">\n\t\t\t\t<div class=\"elementor-element elementor-element-2e23e5b1 elementor-widget elementor-widget-text-editor\" data-id=\"2e23e5b1\" data-element_type=\"widget\" data-e-type=\"widget\" data-widget_type=\"text-editor.default\">\n\t\t\t\t<div class=\"elementor-widget-container\">\n\t\t\t\t\t\t\t\t\t<p>Wildkraut \u2013 Alpenpower made in Austria<br \/><br \/>Wildkraut wurde 2021 von einem \u00f6sterreichischen Team in Feldkirch entwickelt, inspiriert von alten Walser-Kr\u00e4utertraditionen. Der tabak- und nikotinfreie Energy Sniff vereint Meisterwurz, Rosenwurz, Wasserminze, Koffein aus gr\u00fcnen Kaffeebohnen und Guarana sowie Aminos\u00e4uren zu einer nat\u00fcrlichen, schnell sp\u00fcrbaren Energiequelle. Die Rezeptur basiert auf altem Wissen, neu gedacht f\u00fcr die Anforderungen eines modernen Alltags. Mit seinem frischen, krautigen Duft und der belebenden Wirkung bietet Wildkraut eine echte Alternative zu Kaffee und Energy Drinks.<\/p><p>Seit 2023 vertreibt die Wellauer AG das innovative Produkt exklusiv in der Schweiz und im F\u00fcrstentum Liechtenstein. Wildkraut ist kompakt, vegan, zuckerfrei und klinisch getestet \u2013 ideal f\u00fcr Sport, Arbeit, lange N\u00e4chte oder einfach einen klaren Kopf zwischendurch. Ein echtes St\u00fcck Alpenkraft, verpackt in einem Fl\u00e4schchen.<\/p>\t\t\t\t\t\t\t\t<\/div>\n\t\t\t\t<\/div>\n\t\t\t\t\t<\/div>\n\t\t\t\t<\/div>\n\t\t\t\t<\/div>\n\t\t","protected":false},"excerpt":{"rendered":"<p>Wir freuen uns sehr, Ihnen mitteilen zu d\u00fcrfen, dass wir ab sofort die Marke Wildkraut in unserem Sortiment willkommen heissen. Mit hochwertigen Kr\u00e4utern aus dem idyllischen Vorarlberg bringen wir frischen Schwung und nat\u00fcrliche Vielfalt in unser Schnupftabak-Angebot.<\/p>\n","protected":false},"author":3,"featured_media":3560,"comment_status":"closed","ping_status":"closed","sticky":false,"template":"","format":"standard","meta":{"_acf_changed":false,"footnotes":""},"categories":[8],"class_list":["post-3559","post","type-post","status-publish","format-standard","has-post-thumbnail","hentry","category-news"],"acf":[],"yoast_head":"<!-- This site is optimized with the Yoast SEO plugin v27.4 - https:\/\/yoast.com\/product\/yoast-seo-wordpress\/ -->\n<title>Wildkraut \u2013 Die Kraft der Alpen - Wellauer<\/title>\n<meta name=\"robots\" content=\"index, follow, max-snippet:-1, max-image-preview:large, max-video-preview:-1\" \/>\n<link rel=\"canonical\" href=\"https:\/\/wellauer-tabak.ch\/de\/wildkraut-die-kraft-der-alpen\/\" \/>\n<meta property=\"og:locale\" content=\"de_DE\" \/>\n<meta property=\"og:type\" content=\"article\" \/>\n<meta property=\"og:title\" content=\"Wildkraut \u2013 Die Kraft der Alpen - Wellauer\" \/>\n<meta property=\"og:description\" content=\"Wir freuen uns sehr, Ihnen mitteilen zu d\u00fcrfen, dass wir ab sofort die Marke Wildkraut in unserem Sortiment willkommen heissen. Mit hochwertigen Kr\u00e4utern aus dem idyllischen Vorarlberg bringen wir frischen Schwung und nat\u00fcrliche Vielfalt in unser Schnupftabak-Angebot.\" \/>\n<meta property=\"og:url\" content=\"https:\/\/wellauer-tabak.ch\/de\/wildkraut-die-kraft-der-alpen\/\" \/>\n<meta property=\"og:site_name\" content=\"Wellauer\" \/>\n<meta property=\"article:published_time\" content=\"2025-06-11T09:19:56+00:00\" \/>\n<meta property=\"article:modified_time\" content=\"2025-06-20T11:45:54+00:00\" \/>\n<meta property=\"og:image\" content=\"https:\/\/wellauer-tabak.ch\/wp-content\/uploads\/2025\/06\/Unbenannt-16.jpg\" \/>\n\t<meta property=\"og:image:width\" content=\"1024\" \/>\n\t<meta property=\"og:image:height\" content=\"1024\" \/>\n\t<meta property=\"og:image:type\" content=\"image\/jpeg\" \/>\n<meta name=\"author\" content=\"editor\" \/>\n<meta name=\"twitter:card\" content=\"summary_large_image\" \/>\n<meta name=\"twitter:label1\" content=\"Verfasst von\" \/>\n\t<meta name=\"twitter:data1\" content=\"editor\" \/>\n\t<meta name=\"twitter:label2\" content=\"Gesch\u00e4tzte Lesezeit\" \/>\n\t<meta name=\"twitter:data2\" content=\"1\u00a0Minute\" \/>\n<script type=\"application\/ld+json\" class=\"yoast-schema-graph\">{\"@context\":\"https:\\\/\\\/schema.org\",\"@graph\":[{\"@type\":\"Article\",\"@id\":\"https:\\\/\\\/wellauer-tabak.ch\\\/de\\\/wildkraut-die-kraft-der-alpen\\\/#article\",\"isPartOf\":{\"@id\":\"https:\\\/\\\/wellauer-tabak.ch\\\/de\\\/wildkraut-die-kraft-der-alpen\\\/\"},\"author\":{\"name\":\"editor\",\"@id\":\"https:\\\/\\\/wellauer-tabak.ch\\\/de\\\/#\\\/schema\\\/person\\\/3205dbf56c2ae17fcd04c4df2ced5c68\"},\"headline\":\"Wildkraut \u2013 Die Kraft der Alpen\",\"datePublished\":\"2025-06-11T09:19:56+00:00\",\"dateModified\":\"2025-06-20T11:45:54+00:00\",\"mainEntityOfPage\":{\"@id\":\"https:\\\/\\\/wellauer-tabak.ch\\\/de\\\/wildkraut-die-kraft-der-alpen\\\/\"},\"wordCount\":135,\"publisher\":{\"@id\":\"https:\\\/\\\/wellauer-tabak.ch\\\/de\\\/#organization\"},\"image\":{\"@id\":\"https:\\\/\\\/wellauer-tabak.ch\\\/de\\\/wildkraut-die-kraft-der-alpen\\\/#primaryimage\"},\"thumbnailUrl\":\"https:\\\/\\\/wellauer-tabak.ch\\\/wp-content\\\/uploads\\\/2025\\\/06\\\/Unbenannt-16.jpg\",\"articleSection\":[\"News\"],\"inLanguage\":\"de\"},{\"@type\":\"WebPage\",\"@id\":\"https:\\\/\\\/wellauer-tabak.ch\\\/de\\\/wildkraut-die-kraft-der-alpen\\\/\",\"url\":\"https:\\\/\\\/wellauer-tabak.ch\\\/de\\\/wildkraut-die-kraft-der-alpen\\\/\",\"name\":\"Wildkraut \u2013 Die Kraft der Alpen - Wellauer\",\"isPartOf\":{\"@id\":\"https:\\\/\\\/wellauer-tabak.ch\\\/de\\\/#website\"},\"primaryImageOfPage\":{\"@id\":\"https:\\\/\\\/wellauer-tabak.ch\\\/de\\\/wildkraut-die-kraft-der-alpen\\\/#primaryimage\"},\"image\":{\"@id\":\"https:\\\/\\\/wellauer-tabak.ch\\\/de\\\/wildkraut-die-kraft-der-alpen\\\/#primaryimage\"},\"thumbnailUrl\":\"https:\\\/\\\/wellauer-tabak.ch\\\/wp-content\\\/uploads\\\/2025\\\/06\\\/Unbenannt-16.jpg\",\"datePublished\":\"2025-06-11T09:19:56+00:00\",\"dateModified\":\"2025-06-20T11:45:54+00:00\",\"breadcrumb\":{\"@id\":\"https:\\\/\\\/wellauer-tabak.ch\\\/de\\\/wildkraut-die-kraft-der-alpen\\\/#breadcrumb\"},\"inLanguage\":\"de\",\"potentialAction\":[{\"@type\":\"ReadAction\",\"target\":[\"https:\\\/\\\/wellauer-tabak.ch\\\/de\\\/wildkraut-die-kraft-der-alpen\\\/\"]}]},{\"@type\":\"ImageObject\",\"inLanguage\":\"de\",\"@id\":\"https:\\\/\\\/wellauer-tabak.ch\\\/de\\\/wildkraut-die-kraft-der-alpen\\\/#primaryimage\",\"url\":\"https:\\\/\\\/wellauer-tabak.ch\\\/wp-content\\\/uploads\\\/2025\\\/06\\\/Unbenannt-16.jpg\",\"contentUrl\":\"https:\\\/\\\/wellauer-tabak.ch\\\/wp-content\\\/uploads\\\/2025\\\/06\\\/Unbenannt-16.jpg\",\"width\":1024,\"height\":1024},{\"@type\":\"BreadcrumbList\",\"@id\":\"https:\\\/\\\/wellauer-tabak.ch\\\/de\\\/wildkraut-die-kraft-der-alpen\\\/#breadcrumb\",\"itemListElement\":[{\"@type\":\"ListItem\",\"position\":1,\"name\":\"Home\",\"item\":\"https:\\\/\\\/wellauer-tabak.ch\\\/de\\\/\"},{\"@type\":\"ListItem\",\"position\":2,\"name\":\"Wildkraut \u2013 Die Kraft der Alpen\"}]},{\"@type\":\"WebSite\",\"@id\":\"https:\\\/\\\/wellauer-tabak.ch\\\/de\\\/#website\",\"url\":\"https:\\\/\\\/wellauer-tabak.ch\\\/de\\\/\",\"name\":\"Wellauer\",\"description\":\"Wellauer Tabak\",\"publisher\":{\"@id\":\"https:\\\/\\\/wellauer-tabak.ch\\\/de\\\/#organization\"},\"potentialAction\":[{\"@type\":\"SearchAction\",\"target\":{\"@type\":\"EntryPoint\",\"urlTemplate\":\"https:\\\/\\\/wellauer-tabak.ch\\\/de\\\/?s={search_term_string}\"},\"query-input\":{\"@type\":\"PropertyValueSpecification\",\"valueRequired\":true,\"valueName\":\"search_term_string\"}}],\"inLanguage\":\"de\"},{\"@type\":\"Organization\",\"@id\":\"https:\\\/\\\/wellauer-tabak.ch\\\/de\\\/#organization\",\"name\":\"Wellauer\",\"url\":\"https:\\\/\\\/wellauer-tabak.ch\\\/de\\\/\",\"logo\":{\"@type\":\"ImageObject\",\"inLanguage\":\"de\",\"@id\":\"https:\\\/\\\/wellauer-tabak.ch\\\/de\\\/#\\\/schema\\\/logo\\\/image\\\/\",\"url\":\"https:\\\/\\\/wellauer-tabak.ch\\\/wp-content\\\/uploads\\\/2025\\\/03\\\/Logo.svg\",\"contentUrl\":\"https:\\\/\\\/wellauer-tabak.ch\\\/wp-content\\\/uploads\\\/2025\\\/03\\\/Logo.svg\",\"width\":204,\"height\":48,\"caption\":\"Wellauer\"},\"image\":{\"@id\":\"https:\\\/\\\/wellauer-tabak.ch\\\/de\\\/#\\\/schema\\\/logo\\\/image\\\/\"}},{\"@type\":\"Person\",\"@id\":\"https:\\\/\\\/wellauer-tabak.ch\\\/de\\\/#\\\/schema\\\/person\\\/3205dbf56c2ae17fcd04c4df2ced5c68\",\"name\":\"editor\",\"image\":{\"@type\":\"ImageObject\",\"inLanguage\":\"de\",\"@id\":\"https:\\\/\\\/secure.gravatar.com\\\/avatar\\\/c3146998df66a37493118b8d700a44ceb58616a41fd71d397ce90a75a7c54ff4?s=96&d=mm&r=g\",\"url\":\"https:\\\/\\\/secure.gravatar.com\\\/avatar\\\/c3146998df66a37493118b8d700a44ceb58616a41fd71d397ce90a75a7c54ff4?s=96&d=mm&r=g\",\"contentUrl\":\"https:\\\/\\\/secure.gravatar.com\\\/avatar\\\/c3146998df66a37493118b8d700a44ceb58616a41fd71d397ce90a75a7c54ff4?s=96&d=mm&r=g\",\"caption\":\"editor\"},\"url\":\"https:\\\/\\\/wellauer-tabak.ch\\\/de\\\/author\\\/editor\\\/\"}]}<\/script>\n<!-- \/ Yoast SEO plugin. -->","yoast_head_json":{"title":"Wildkraut \u2013 Die Kraft der Alpen - Wellauer","robots":{"index":"index","follow":"follow","max-snippet":"max-snippet:-1","max-image-preview":"max-image-preview:large","max-video-preview":"max-video-preview:-1"},"canonical":"https:\/\/wellauer-tabak.ch\/de\/wildkraut-die-kraft-der-alpen\/","og_locale":"de_DE","og_type":"article","og_title":"Wildkraut \u2013 Die Kraft der Alpen - Wellauer","og_description":"Wir freuen uns sehr, Ihnen mitteilen zu d\u00fcrfen, dass wir ab sofort die Marke Wildkraut in unserem Sortiment willkommen heissen. Mit hochwertigen Kr\u00e4utern aus dem idyllischen Vorarlberg bringen wir frischen Schwung und nat\u00fcrliche Vielfalt in unser Schnupftabak-Angebot.","og_url":"https:\/\/wellauer-tabak.ch\/de\/wildkraut-die-kraft-der-alpen\/","og_site_name":"Wellauer","article_published_time":"2025-06-11T09:19:56+00:00","article_modified_time":"2025-06-20T11:45:54+00:00","og_image":[{"width":1024,"height":1024,"url":"https:\/\/wellauer-tabak.ch\/wp-content\/uploads\/2025\/06\/Unbenannt-16.jpg","type":"image\/jpeg"}],"author":"editor","twitter_card":"summary_large_image","twitter_misc":{"Verfasst von":"editor","Gesch\u00e4tzte Lesezeit":"1\u00a0Minute"},"schema":{"@context":"https:\/\/schema.org","@graph":[{"@type":"Article","@id":"https:\/\/wellauer-tabak.ch\/de\/wildkraut-die-kraft-der-alpen\/#article","isPartOf":{"@id":"https:\/\/wellauer-tabak.ch\/de\/wildkraut-die-kraft-der-alpen\/"},"author":{"name":"editor","@id":"https:\/\/wellauer-tabak.ch\/de\/#\/schema\/person\/3205dbf56c2ae17fcd04c4df2ced5c68"},"headline":"Wildkraut \u2013 Die Kraft der Alpen","datePublished":"2025-06-11T09:19:56+00:00","dateModified":"2025-06-20T11:45:54+00:00","mainEntityOfPage":{"@id":"https:\/\/wellauer-tabak.ch\/de\/wildkraut-die-kraft-der-alpen\/"},"wordCount":135,"publisher":{"@id":"https:\/\/wellauer-tabak.ch\/de\/#organization"},"image":{"@id":"https:\/\/wellauer-tabak.ch\/de\/wildkraut-die-kraft-der-alpen\/#primaryimage"},"thumbnailUrl":"https:\/\/wellauer-tabak.ch\/wp-content\/uploads\/2025\/06\/Unbenannt-16.jpg","articleSection":["News"],"inLanguage":"de"},{"@type":"WebPage","@id":"https:\/\/wellauer-tabak.ch\/de\/wildkraut-die-kraft-der-alpen\/","url":"https:\/\/wellauer-tabak.ch\/de\/wildkraut-die-kraft-der-alpen\/","name":"Wildkraut \u2013 Die Kraft der Alpen - Wellauer","isPartOf":{"@id":"https:\/\/wellauer-tabak.ch\/de\/#website"},"primaryImageOfPage":{"@id":"https:\/\/wellauer-tabak.ch\/de\/wildkraut-die-kraft-der-alpen\/#primaryimage"},"image":{"@id":"https:\/\/wellauer-tabak.ch\/de\/wildkraut-die-kraft-der-alpen\/#primaryimage"},"thumbnailUrl":"https:\/\/wellauer-tabak.ch\/wp-content\/uploads\/2025\/06\/Unbenannt-16.jpg","datePublished":"2025-06-11T09:19:56+00:00","dateModified":"2025-06-20T11:45:54+00:00","breadcrumb":{"@id":"https:\/\/wellauer-tabak.ch\/de\/wildkraut-die-kraft-der-alpen\/#breadcrumb"},"inLanguage":"de","potentialAction":[{"@type":"ReadAction","target":["https:\/\/wellauer-tabak.ch\/de\/wildkraut-die-kraft-der-alpen\/"]}]},{"@type":"ImageObject","inLanguage":"de","@id":"https:\/\/wellauer-tabak.ch\/de\/wildkraut-die-kraft-der-alpen\/#primaryimage","url":"https:\/\/wellauer-tabak.ch\/wp-content\/uploads\/2025\/06\/Unbenannt-16.jpg","contentUrl":"https:\/\/wellauer-tabak.ch\/wp-content\/uploads\/2025\/06\/Unbenannt-16.jpg","width":1024,"height":1024},{"@type":"BreadcrumbList","@id":"https:\/\/wellauer-tabak.ch\/de\/wildkraut-die-kraft-der-alpen\/#breadcrumb","itemListElement":[{"@type":"ListItem","position":1,"name":"Home","item":"https:\/\/wellauer-tabak.ch\/de\/"},{"@type":"ListItem","position":2,"name":"Wildkraut \u2013 Die Kraft der Alpen"}]},{"@type":"WebSite","@id":"https:\/\/wellauer-tabak.ch\/de\/#website","url":"https:\/\/wellauer-tabak.ch\/de\/","name":"Wellauer","description":"Wellauer Tabak","publisher":{"@id":"https:\/\/wellauer-tabak.ch\/de\/#organization"},"potentialAction":[{"@type":"SearchAction","target":{"@type":"EntryPoint","urlTemplate":"https:\/\/wellauer-tabak.ch\/de\/?s={search_term_string}"},"query-input":{"@type":"PropertyValueSpecification","valueRequired":true,"valueName":"search_term_string"}}],"inLanguage":"de"},{"@type":"Organization","@id":"https:\/\/wellauer-tabak.ch\/de\/#organization","name":"Wellauer","url":"https:\/\/wellauer-tabak.ch\/de\/","logo":{"@type":"ImageObject","inLanguage":"de","@id":"https:\/\/wellauer-tabak.ch\/de\/#\/schema\/logo\/image\/","url":"https:\/\/wellauer-tabak.ch\/wp-content\/uploads\/2025\/03\/Logo.svg","contentUrl":"https:\/\/wellauer-tabak.ch\/wp-content\/uploads\/2025\/03\/Logo.svg","width":204,"height":48,"caption":"Wellauer"},"image":{"@id":"https:\/\/wellauer-tabak.ch\/de\/#\/schema\/logo\/image\/"}},{"@type":"Person","@id":"https:\/\/wellauer-tabak.ch\/de\/#\/schema\/person\/3205dbf56c2ae17fcd04c4df2ced5c68","name":"editor","image":{"@type":"ImageObject","inLanguage":"de","@id":"https:\/\/secure.gravatar.com\/avatar\/c3146998df66a37493118b8d700a44ceb58616a41fd71d397ce90a75a7c54ff4?s=96&d=mm&r=g","url":"https:\/\/secure.gravatar.com\/avatar\/c3146998df66a37493118b8d700a44ceb58616a41fd71d397ce90a75a7c54ff4?s=96&d=mm&r=g","contentUrl":"https:\/\/secure.gravatar.com\/avatar\/c3146998df66a37493118b8d700a44ceb58616a41fd71d397ce90a75a7c54ff4?s=96&d=mm&r=g","caption":"editor"},"url":"https:\/\/wellauer-tabak.ch\/de\/author\/editor\/"}]}},"_links":{"self":[{"href":"https:\/\/wellauer-tabak.ch\/de\/wp-json\/wp\/v2\/posts\/3559","targetHints":{"allow":["GET"]}}],"collection":[{"href":"https:\/\/wellauer-tabak.ch\/de\/wp-json\/wp\/v2\/posts"}],"about":[{"href":"https:\/\/wellauer-tabak.ch\/de\/wp-json\/wp\/v2\/types\/post"}],"author":[{"embeddable":true,"href":"https:\/\/wellauer-tabak.ch\/de\/wp-json\/wp\/v2\/users\/3"}],"replies":[{"embeddable":true,"href":"https:\/\/wellauer-tabak.ch\/de\/wp-json\/wp\/v2\/comments?post=3559"}],"version-history":[{"count":10,"href":"https:\/\/wellauer-tabak.ch\/de\/wp-json\/wp\/v2\/posts\/3559\/revisions"}],"predecessor-version":[{"id":3759,"href":"https:\/\/wellauer-tabak.ch\/de\/wp-json\/wp\/v2\/posts\/3559\/revisions\/3759"}],"wp:featuredmedia":[{"embeddable":true,"href":"https:\/\/wellauer-tabak.ch\/de\/wp-json\/wp\/v2\/media\/3560"}],"wp:attachment":[{"href":"https:\/\/wellauer-tabak.ch\/de\/wp-json\/wp\/v2\/media?parent=3559"}],"wp:term":[{"taxonomy":"category","embeddable":true,"href":"https:\/\/wellauer-tabak.ch\/de\/wp-json\/wp\/v2\/categories?post=3559"}],"curies":[{"name":"wp","href":"https:\/\/api.w.org\/{rel}","templated":true}]}}