{"id":2457,"date":"2025-05-12T08:54:28","date_gmt":"2025-05-12T08:54:28","guid":{"rendered":"https:\/\/wellauer-tabak.ch\/?p=2457"},"modified":"2025-05-12T09:11:25","modified_gmt":"2025-05-12T09:11:25","slug":"laura-chavin-in-der-schweiz-und-liechtenstein","status":"publish","type":"post","link":"https:\/\/wellauer-tabak.ch\/de\/laura-chavin-in-der-schweiz-und-liechtenstein\/","title":{"rendered":"Laura Chavin in der Schweiz und Liechtenstein"},"content":{"rendered":"\t\t<div data-elementor-type=\"wp-post\" data-elementor-id=\"2457\" class=\"elementor elementor-2457\" data-elementor-post-type=\"post\">\n\t\t\t\t<div class=\"elementor-element elementor-element-5e347c51 e-flex e-con-boxed e-con e-parent\" data-id=\"5e347c51\" data-element_type=\"container\" data-e-type=\"container\">\n\t\t\t\t\t<div class=\"e-con-inner\">\n\t\t\t\t<div class=\"elementor-element elementor-element-2e23e5b1 elementor-widget elementor-widget-text-editor\" data-id=\"2e23e5b1\" data-element_type=\"widget\" data-e-type=\"widget\" data-widget_type=\"text-editor.default\">\n\t\t\t\t<div class=\"elementor-widget-container\">\n\t\t\t\t\t\t\t\t\t<p>Nach dem fulminanten Restart der Premium-Cigarrenmarke Laura Chavin im Jahr 2020 konnte die Cigar Company Willi Knopf auf dem Weg zur\u00fcck in die Internationalit\u00e4t neben \u00d6sterreich nun auch in der Schweiz wieder einen neuen Partner finden.<\/p><p>Seit 1898 vertreibt die Wellauer AG als Importeurin und Grossh\u00e4ndlerin hochstehende Tabakprodukte f\u00fcr die ganze Schweiz. Ihren Hauptsitz hat sie seit Mitte 2017 im beschaulichen Rheineck im Rheintal. Mit ihren insgesamt f\u00fcnf eigenen Tabakfachgesch\u00e4ften in St. Gallen, Buchs SG, Olten und Z\u00fcrich ist sie stets am Puls der Zeit.<br \/>Der Grosshandel beliefert mehrere hundert Wiederk\u00e4ufer in der ganzen Schweiz und zielt darauf ab, hochwertige Genussprodukte zu fairen Preisen anbieten zu k\u00f6nnen. So passt die wieder lancierte Zigarrenmarke \u201eLaura Chavin\u201c hervorragend in das Sortiment des Ostschweizerischen Tabakimporteurs.<\/p><p>Ab September werden folgende Linien und Formate erh\u00e4ltlich sein, jeweils in 10-er Kisten:<\/p><p><strong>Laura Chavin Classic Edition<\/strong><\/p><ul><li>No. 33 Corona<\/li><li>No. 44 Torpedo<\/li><li>No. 444 Diadema<\/li><li>No. 55 Robusto<\/li><li>No. 555 Gran Robusto<\/li><li>No. 66 Churchill<\/li><li>No. 88 Perfecto<\/li><\/ul><p><strong>Laura Chavin Concours Edition<\/strong><\/p><ul><li>Corona<\/li><li>Diadema<\/li><li>Perfecto<\/li><li>Robusto<\/li><\/ul><p><strong>Laura Chavin Virginy Edition<br \/><\/strong><\/p><ul><li>No. 1 Toro<\/li><li>No. 2 Belicoso<\/li><\/ul><p>Die Cigar Company Willi Knopf GmbH, als Markeninhaber von Laura Chavin, und die Wellauer AG freuen sich auf eine gute Zusammenarbeit!<\/p><p>\u00a0<\/p>\t\t\t\t\t\t\t\t<\/div>\n\t\t\t\t<\/div>\n\t\t\t\t\t<\/div>\n\t\t\t\t<\/div>\n\t\t\t\t<\/div>\n\t\t","protected":false},"excerpt":{"rendered":"<p>Wir freuen uns, Ihnen mitteilen zu d\u00fcrfen, dass wir ab sofort der offizielle Importeur und Vertriebspartner der Zigarren-Marke Laura Chavin f\u00fcr die Schweiz und das F\u00fcrstentum Liechtenstein sind.<\/p>\n","protected":false},"author":1,"featured_media":2466,"comment_status":"closed","ping_status":"closed","sticky":false,"template":"","format":"standard","meta":{"_acf_changed":false,"footnotes":""},"categories":[8],"class_list":["post-2457","post","type-post","status-publish","format-standard","has-post-thumbnail","hentry","category-news"],"acf":[],"yoast_head":"<!-- This site is optimized with the Yoast SEO plugin v27.4 - https:\/\/yoast.com\/product\/yoast-seo-wordpress\/ -->\n<title>Laura Chavin in der Schweiz und Liechtenstein - Wellauer<\/title>\n<meta name=\"robots\" content=\"index, follow, max-snippet:-1, max-image-preview:large, max-video-preview:-1\" \/>\n<link rel=\"canonical\" href=\"https:\/\/wellauer-tabak.ch\/de\/laura-chavin-in-der-schweiz-und-liechtenstein\/\" \/>\n<meta property=\"og:locale\" content=\"de_DE\" \/>\n<meta property=\"og:type\" content=\"article\" \/>\n<meta property=\"og:title\" content=\"Laura Chavin in der Schweiz und Liechtenstein - Wellauer\" \/>\n<meta property=\"og:description\" content=\"Wir freuen uns, Ihnen mitteilen zu d\u00fcrfen, dass wir ab sofort der offizielle Importeur und Vertriebspartner der Zigarren-Marke Laura Chavin f\u00fcr die Schweiz und das F\u00fcrstentum Liechtenstein sind.\" \/>\n<meta property=\"og:url\" content=\"https:\/\/wellauer-tabak.ch\/de\/laura-chavin-in-der-schweiz-und-liechtenstein\/\" \/>\n<meta property=\"og:site_name\" content=\"Wellauer\" \/>\n<meta property=\"article:published_time\" content=\"2025-05-12T08:54:28+00:00\" \/>\n<meta property=\"article:modified_time\" content=\"2025-05-12T09:11:25+00:00\" \/>\n<meta property=\"og:image\" content=\"https:\/\/wellauer-tabak.ch\/wp-content\/uploads\/2025\/05\/Laura-Chavin-Logo-2.jpg\" \/>\n\t<meta property=\"og:image:width\" content=\"886\" \/>\n\t<meta property=\"og:image:height\" content=\"319\" \/>\n\t<meta property=\"og:image:type\" content=\"image\/jpeg\" \/>\n<meta name=\"author\" content=\"rt487\" \/>\n<meta name=\"twitter:card\" content=\"summary_large_image\" \/>\n<meta name=\"twitter:label1\" content=\"Verfasst von\" \/>\n\t<meta name=\"twitter:data1\" content=\"rt487\" \/>\n\t<meta name=\"twitter:label2\" content=\"Gesch\u00e4tzte Lesezeit\" \/>\n\t<meta name=\"twitter:data2\" content=\"2\u00a0Minuten\" \/>\n<script type=\"application\/ld+json\" class=\"yoast-schema-graph\">{\"@context\":\"https:\\\/\\\/schema.org\",\"@graph\":[{\"@type\":\"Article\",\"@id\":\"https:\\\/\\\/wellauer-tabak.ch\\\/de\\\/laura-chavin-in-der-schweiz-und-liechtenstein\\\/#article\",\"isPartOf\":{\"@id\":\"https:\\\/\\\/wellauer-tabak.ch\\\/de\\\/laura-chavin-in-der-schweiz-und-liechtenstein\\\/\"},\"author\":{\"name\":\"rt487\",\"@id\":\"https:\\\/\\\/wellauer-tabak.ch\\\/de\\\/#\\\/schema\\\/person\\\/ab41b3d9f90704d165e68d16ba5e5665\"},\"headline\":\"Laura Chavin in der Schweiz und Liechtenstein\",\"datePublished\":\"2025-05-12T08:54:28+00:00\",\"dateModified\":\"2025-05-12T09:11:25+00:00\",\"mainEntityOfPage\":{\"@id\":\"https:\\\/\\\/wellauer-tabak.ch\\\/de\\\/laura-chavin-in-der-schweiz-und-liechtenstein\\\/\"},\"wordCount\":205,\"publisher\":{\"@id\":\"https:\\\/\\\/wellauer-tabak.ch\\\/de\\\/#organization\"},\"image\":{\"@id\":\"https:\\\/\\\/wellauer-tabak.ch\\\/de\\\/laura-chavin-in-der-schweiz-und-liechtenstein\\\/#primaryimage\"},\"thumbnailUrl\":\"https:\\\/\\\/wellauer-tabak.ch\\\/wp-content\\\/uploads\\\/2025\\\/05\\\/Laura-Chavin-Logo-2.jpg\",\"articleSection\":[\"News\"],\"inLanguage\":\"de\"},{\"@type\":\"WebPage\",\"@id\":\"https:\\\/\\\/wellauer-tabak.ch\\\/de\\\/laura-chavin-in-der-schweiz-und-liechtenstein\\\/\",\"url\":\"https:\\\/\\\/wellauer-tabak.ch\\\/de\\\/laura-chavin-in-der-schweiz-und-liechtenstein\\\/\",\"name\":\"Laura Chavin in der Schweiz und Liechtenstein - Wellauer\",\"isPartOf\":{\"@id\":\"https:\\\/\\\/wellauer-tabak.ch\\\/de\\\/#website\"},\"primaryImageOfPage\":{\"@id\":\"https:\\\/\\\/wellauer-tabak.ch\\\/de\\\/laura-chavin-in-der-schweiz-und-liechtenstein\\\/#primaryimage\"},\"image\":{\"@id\":\"https:\\\/\\\/wellauer-tabak.ch\\\/de\\\/laura-chavin-in-der-schweiz-und-liechtenstein\\\/#primaryimage\"},\"thumbnailUrl\":\"https:\\\/\\\/wellauer-tabak.ch\\\/wp-content\\\/uploads\\\/2025\\\/05\\\/Laura-Chavin-Logo-2.jpg\",\"datePublished\":\"2025-05-12T08:54:28+00:00\",\"dateModified\":\"2025-05-12T09:11:25+00:00\",\"breadcrumb\":{\"@id\":\"https:\\\/\\\/wellauer-tabak.ch\\\/de\\\/laura-chavin-in-der-schweiz-und-liechtenstein\\\/#breadcrumb\"},\"inLanguage\":\"de\",\"potentialAction\":[{\"@type\":\"ReadAction\",\"target\":[\"https:\\\/\\\/wellauer-tabak.ch\\\/de\\\/laura-chavin-in-der-schweiz-und-liechtenstein\\\/\"]}]},{\"@type\":\"ImageObject\",\"inLanguage\":\"de\",\"@id\":\"https:\\\/\\\/wellauer-tabak.ch\\\/de\\\/laura-chavin-in-der-schweiz-und-liechtenstein\\\/#primaryimage\",\"url\":\"https:\\\/\\\/wellauer-tabak.ch\\\/wp-content\\\/uploads\\\/2025\\\/05\\\/Laura-Chavin-Logo-2.jpg\",\"contentUrl\":\"https:\\\/\\\/wellauer-tabak.ch\\\/wp-content\\\/uploads\\\/2025\\\/05\\\/Laura-Chavin-Logo-2.jpg\",\"width\":886,\"height\":319},{\"@type\":\"BreadcrumbList\",\"@id\":\"https:\\\/\\\/wellauer-tabak.ch\\\/de\\\/laura-chavin-in-der-schweiz-und-liechtenstein\\\/#breadcrumb\",\"itemListElement\":[{\"@type\":\"ListItem\",\"position\":1,\"name\":\"Home\",\"item\":\"https:\\\/\\\/wellauer-tabak.ch\\\/de\\\/\"},{\"@type\":\"ListItem\",\"position\":2,\"name\":\"Laura Chavin in der Schweiz und Liechtenstein\"}]},{\"@type\":\"WebSite\",\"@id\":\"https:\\\/\\\/wellauer-tabak.ch\\\/de\\\/#website\",\"url\":\"https:\\\/\\\/wellauer-tabak.ch\\\/de\\\/\",\"name\":\"Wellauer\",\"description\":\"Wellauer Tabak\",\"publisher\":{\"@id\":\"https:\\\/\\\/wellauer-tabak.ch\\\/de\\\/#organization\"},\"potentialAction\":[{\"@type\":\"SearchAction\",\"target\":{\"@type\":\"EntryPoint\",\"urlTemplate\":\"https:\\\/\\\/wellauer-tabak.ch\\\/de\\\/?s={search_term_string}\"},\"query-input\":{\"@type\":\"PropertyValueSpecification\",\"valueRequired\":true,\"valueName\":\"search_term_string\"}}],\"inLanguage\":\"de\"},{\"@type\":\"Organization\",\"@id\":\"https:\\\/\\\/wellauer-tabak.ch\\\/de\\\/#organization\",\"name\":\"Wellauer\",\"url\":\"https:\\\/\\\/wellauer-tabak.ch\\\/de\\\/\",\"logo\":{\"@type\":\"ImageObject\",\"inLanguage\":\"de\",\"@id\":\"https:\\\/\\\/wellauer-tabak.ch\\\/de\\\/#\\\/schema\\\/logo\\\/image\\\/\",\"url\":\"https:\\\/\\\/wellauer-tabak.ch\\\/wp-content\\\/uploads\\\/2025\\\/03\\\/Logo.svg\",\"contentUrl\":\"https:\\\/\\\/wellauer-tabak.ch\\\/wp-content\\\/uploads\\\/2025\\\/03\\\/Logo.svg\",\"width\":204,\"height\":48,\"caption\":\"Wellauer\"},\"image\":{\"@id\":\"https:\\\/\\\/wellauer-tabak.ch\\\/de\\\/#\\\/schema\\\/logo\\\/image\\\/\"}},{\"@type\":\"Person\",\"@id\":\"https:\\\/\\\/wellauer-tabak.ch\\\/de\\\/#\\\/schema\\\/person\\\/ab41b3d9f90704d165e68d16ba5e5665\",\"name\":\"rt487\",\"image\":{\"@type\":\"ImageObject\",\"inLanguage\":\"de\",\"@id\":\"https:\\\/\\\/secure.gravatar.com\\\/avatar\\\/40e472fdfdf0e35496b12f2d7bcb1dfe1d6c8bacb5079ced42c5a938e8723c60?s=96&d=mm&r=g\",\"url\":\"https:\\\/\\\/secure.gravatar.com\\\/avatar\\\/40e472fdfdf0e35496b12f2d7bcb1dfe1d6c8bacb5079ced42c5a938e8723c60?s=96&d=mm&r=g\",\"contentUrl\":\"https:\\\/\\\/secure.gravatar.com\\\/avatar\\\/40e472fdfdf0e35496b12f2d7bcb1dfe1d6c8bacb5079ced42c5a938e8723c60?s=96&d=mm&r=g\",\"caption\":\"rt487\"},\"sameAs\":[\"https:\\\/\\\/wellauer-tabak.ch\"],\"url\":\"https:\\\/\\\/wellauer-tabak.ch\\\/de\\\/author\\\/rt487\\\/\"}]}<\/script>\n<!-- \/ Yoast SEO plugin. -->","yoast_head_json":{"title":"Laura Chavin in der Schweiz und Liechtenstein - Wellauer","robots":{"index":"index","follow":"follow","max-snippet":"max-snippet:-1","max-image-preview":"max-image-preview:large","max-video-preview":"max-video-preview:-1"},"canonical":"https:\/\/wellauer-tabak.ch\/de\/laura-chavin-in-der-schweiz-und-liechtenstein\/","og_locale":"de_DE","og_type":"article","og_title":"Laura Chavin in der Schweiz und Liechtenstein - Wellauer","og_description":"Wir freuen uns, Ihnen mitteilen zu d\u00fcrfen, dass wir ab sofort der offizielle Importeur und Vertriebspartner der Zigarren-Marke Laura Chavin f\u00fcr die Schweiz und das F\u00fcrstentum Liechtenstein sind.","og_url":"https:\/\/wellauer-tabak.ch\/de\/laura-chavin-in-der-schweiz-und-liechtenstein\/","og_site_name":"Wellauer","article_published_time":"2025-05-12T08:54:28+00:00","article_modified_time":"2025-05-12T09:11:25+00:00","og_image":[{"width":886,"height":319,"url":"https:\/\/wellauer-tabak.ch\/wp-content\/uploads\/2025\/05\/Laura-Chavin-Logo-2.jpg","type":"image\/jpeg"}],"author":"rt487","twitter_card":"summary_large_image","twitter_misc":{"Verfasst von":"rt487","Gesch\u00e4tzte Lesezeit":"2\u00a0Minuten"},"schema":{"@context":"https:\/\/schema.org","@graph":[{"@type":"Article","@id":"https:\/\/wellauer-tabak.ch\/de\/laura-chavin-in-der-schweiz-und-liechtenstein\/#article","isPartOf":{"@id":"https:\/\/wellauer-tabak.ch\/de\/laura-chavin-in-der-schweiz-und-liechtenstein\/"},"author":{"name":"rt487","@id":"https:\/\/wellauer-tabak.ch\/de\/#\/schema\/person\/ab41b3d9f90704d165e68d16ba5e5665"},"headline":"Laura Chavin in der Schweiz und Liechtenstein","datePublished":"2025-05-12T08:54:28+00:00","dateModified":"2025-05-12T09:11:25+00:00","mainEntityOfPage":{"@id":"https:\/\/wellauer-tabak.ch\/de\/laura-chavin-in-der-schweiz-und-liechtenstein\/"},"wordCount":205,"publisher":{"@id":"https:\/\/wellauer-tabak.ch\/de\/#organization"},"image":{"@id":"https:\/\/wellauer-tabak.ch\/de\/laura-chavin-in-der-schweiz-und-liechtenstein\/#primaryimage"},"thumbnailUrl":"https:\/\/wellauer-tabak.ch\/wp-content\/uploads\/2025\/05\/Laura-Chavin-Logo-2.jpg","articleSection":["News"],"inLanguage":"de"},{"@type":"WebPage","@id":"https:\/\/wellauer-tabak.ch\/de\/laura-chavin-in-der-schweiz-und-liechtenstein\/","url":"https:\/\/wellauer-tabak.ch\/de\/laura-chavin-in-der-schweiz-und-liechtenstein\/","name":"Laura Chavin in der Schweiz und Liechtenstein - Wellauer","isPartOf":{"@id":"https:\/\/wellauer-tabak.ch\/de\/#website"},"primaryImageOfPage":{"@id":"https:\/\/wellauer-tabak.ch\/de\/laura-chavin-in-der-schweiz-und-liechtenstein\/#primaryimage"},"image":{"@id":"https:\/\/wellauer-tabak.ch\/de\/laura-chavin-in-der-schweiz-und-liechtenstein\/#primaryimage"},"thumbnailUrl":"https:\/\/wellauer-tabak.ch\/wp-content\/uploads\/2025\/05\/Laura-Chavin-Logo-2.jpg","datePublished":"2025-05-12T08:54:28+00:00","dateModified":"2025-05-12T09:11:25+00:00","breadcrumb":{"@id":"https:\/\/wellauer-tabak.ch\/de\/laura-chavin-in-der-schweiz-und-liechtenstein\/#breadcrumb"},"inLanguage":"de","potentialAction":[{"@type":"ReadAction","target":["https:\/\/wellauer-tabak.ch\/de\/laura-chavin-in-der-schweiz-und-liechtenstein\/"]}]},{"@type":"ImageObject","inLanguage":"de","@id":"https:\/\/wellauer-tabak.ch\/de\/laura-chavin-in-der-schweiz-und-liechtenstein\/#primaryimage","url":"https:\/\/wellauer-tabak.ch\/wp-content\/uploads\/2025\/05\/Laura-Chavin-Logo-2.jpg","contentUrl":"https:\/\/wellauer-tabak.ch\/wp-content\/uploads\/2025\/05\/Laura-Chavin-Logo-2.jpg","width":886,"height":319},{"@type":"BreadcrumbList","@id":"https:\/\/wellauer-tabak.ch\/de\/laura-chavin-in-der-schweiz-und-liechtenstein\/#breadcrumb","itemListElement":[{"@type":"ListItem","position":1,"name":"Home","item":"https:\/\/wellauer-tabak.ch\/de\/"},{"@type":"ListItem","position":2,"name":"Laura Chavin in der Schweiz und Liechtenstein"}]},{"@type":"WebSite","@id":"https:\/\/wellauer-tabak.ch\/de\/#website","url":"https:\/\/wellauer-tabak.ch\/de\/","name":"Wellauer","description":"Wellauer Tabak","publisher":{"@id":"https:\/\/wellauer-tabak.ch\/de\/#organization"},"potentialAction":[{"@type":"SearchAction","target":{"@type":"EntryPoint","urlTemplate":"https:\/\/wellauer-tabak.ch\/de\/?s={search_term_string}"},"query-input":{"@type":"PropertyValueSpecification","valueRequired":true,"valueName":"search_term_string"}}],"inLanguage":"de"},{"@type":"Organization","@id":"https:\/\/wellauer-tabak.ch\/de\/#organization","name":"Wellauer","url":"https:\/\/wellauer-tabak.ch\/de\/","logo":{"@type":"ImageObject","inLanguage":"de","@id":"https:\/\/wellauer-tabak.ch\/de\/#\/schema\/logo\/image\/","url":"https:\/\/wellauer-tabak.ch\/wp-content\/uploads\/2025\/03\/Logo.svg","contentUrl":"https:\/\/wellauer-tabak.ch\/wp-content\/uploads\/2025\/03\/Logo.svg","width":204,"height":48,"caption":"Wellauer"},"image":{"@id":"https:\/\/wellauer-tabak.ch\/de\/#\/schema\/logo\/image\/"}},{"@type":"Person","@id":"https:\/\/wellauer-tabak.ch\/de\/#\/schema\/person\/ab41b3d9f90704d165e68d16ba5e5665","name":"rt487","image":{"@type":"ImageObject","inLanguage":"de","@id":"https:\/\/secure.gravatar.com\/avatar\/40e472fdfdf0e35496b12f2d7bcb1dfe1d6c8bacb5079ced42c5a938e8723c60?s=96&d=mm&r=g","url":"https:\/\/secure.gravatar.com\/avatar\/40e472fdfdf0e35496b12f2d7bcb1dfe1d6c8bacb5079ced42c5a938e8723c60?s=96&d=mm&r=g","contentUrl":"https:\/\/secure.gravatar.com\/avatar\/40e472fdfdf0e35496b12f2d7bcb1dfe1d6c8bacb5079ced42c5a938e8723c60?s=96&d=mm&r=g","caption":"rt487"},"sameAs":["https:\/\/wellauer-tabak.ch"],"url":"https:\/\/wellauer-tabak.ch\/de\/author\/rt487\/"}]}},"_links":{"self":[{"href":"https:\/\/wellauer-tabak.ch\/de\/wp-json\/wp\/v2\/posts\/2457","targetHints":{"allow":["GET"]}}],"collection":[{"href":"https:\/\/wellauer-tabak.ch\/de\/wp-json\/wp\/v2\/posts"}],"about":[{"href":"https:\/\/wellauer-tabak.ch\/de\/wp-json\/wp\/v2\/types\/post"}],"author":[{"embeddable":true,"href":"https:\/\/wellauer-tabak.ch\/de\/wp-json\/wp\/v2\/users\/1"}],"replies":[{"embeddable":true,"href":"https:\/\/wellauer-tabak.ch\/de\/wp-json\/wp\/v2\/comments?post=2457"}],"version-history":[{"count":9,"href":"https:\/\/wellauer-tabak.ch\/de\/wp-json\/wp\/v2\/posts\/2457\/revisions"}],"predecessor-version":[{"id":2468,"href":"https:\/\/wellauer-tabak.ch\/de\/wp-json\/wp\/v2\/posts\/2457\/revisions\/2468"}],"wp:featuredmedia":[{"embeddable":true,"href":"https:\/\/wellauer-tabak.ch\/de\/wp-json\/wp\/v2\/media\/2466"}],"wp:attachment":[{"href":"https:\/\/wellauer-tabak.ch\/de\/wp-json\/wp\/v2\/media?parent=2457"}],"wp:term":[{"taxonomy":"category","embeddable":true,"href":"https:\/\/wellauer-tabak.ch\/de\/wp-json\/wp\/v2\/categories?post=2457"}],"curies":[{"name":"wp","href":"https:\/\/api.w.org\/{rel}","templated":true}]}}